{"id":2212,"date":"2021-04-29T07:13:39","date_gmt":"2021-04-29T07:13:39","guid":{"rendered":"http:\/\/atlanticponte.com\/iniciamos-o-servicio-da-rede-municipal-de-informacion-orientacion-dinamizacion-e-asesoramento-a-xuventude-da-coruna\/"},"modified":"2021-10-26T10:31:51","modified_gmt":"2021-10-26T10:31:51","slug":"iniciamos-o-servicio-da-rede-municipal-de-informacion-orientacion-dinamizacion-e-asesoramento-a-xuventude-da-coruna","status":"publish","type":"post","link":"https:\/\/atlanticponte.com\/ca\/iniciamos-o-servicio-da-rede-municipal-de-informacion-orientacion-dinamizacion-e-asesoramento-a-xuventude-da-coruna\/","title":{"rendered":"Posem en marxa un servei d\u2019atenci\u00f3 immediata a persones sense llar durant la pand\u00e8mia"},"content":{"rendered":"<h2>Ponemos en marcha un servicio de atenci\u00f3n inmediata a personas sin hogar durante la pandemia<\/h2>\n<p>\t\t\t\t\t\t\t\t\t\t\t\t\t\t\t\t<a href=\"https:\/\/cadenaser.com\/emisora\/2020\/05\/25\/radio_coruna\/1590412746_322946.html\" target=\"_blank\" rel=\"noopener\"><br \/>\n\t\t\t\t\t\t\t<img loading=\"lazy\" decoding=\"async\" width=\"800\" height=\"508\" src=\"http:\/\/atlanticponte.com\/wp-content\/uploads\/2021\/06\/Captura-de-pantalla-2021-06-16-a-las-19.14.30.png\" alt=\"Albergue temporal en Coru\u00f1a Atlantic Ponte\" loading=\"lazy\" title=\"\">\t\t\t\t\t\t\t\t<\/a><\/p>\n<p>Atlantic Ponte colabor\u00f3 con el Departamento de Servicios Sociales de A Coru\u00f1a realizando tareas diversas de apoyo, para el buen funcionamiento del Albergue temporal levantado en Riazor a ra\u00edz del Covid-19.<\/p>\n<p>\u00a0<\/p>\n<p>Durante el tiempo en que estuvo activo, ninguna de las personas que acudieron al albergue se contagiaron de Covid-19. Tan solo se detecto un caso de un apersona que estaba infectada, durante el triaje y la que aisl\u00f3 hasta dar negativo.<\/p>\n<p>\u00a0<\/p>\n<p>Adem\u00e1s, gracias a esta acci\u00f3n del Concello de A Coru\u00f1a, 120 personas sin hogar recibieron asistencia y orientaci\u00f3n laboral para intentar mejorar sus condiciones en un entorno seguro.<\/p>\n<p>\t\t\t<a href=\"https:\/\/cadenaser.com\/emisora\/2020\/05\/25\/radio_coruna\/1590412746_322946.html\" role=\"button\"><br \/>\n\t\t\t\t\t\tLeer Noticia<br \/>\n\t\t\t\t\t<\/a><\/p>\n","protected":false},"excerpt":{"rendered":"<p>Atlantic Ponte col\u00b7labora amb el Concello de A Coru\u00f1a al servei d\u2019atenci\u00f3 immediata a les persones sense llar durant la pand\u00e8mia.<\/p>\n","protected":false},"author":1,"featured_media":2213,"comment_status":"open","ping_status":"open","sticky":false,"template":"","format":"standard","meta":{"footnotes":""},"categories":[47,13,51,24],"tags":[],"class_list":["post-2212","post","type-post","status-publish","format-standard","has-post-thumbnail","hentry","category-administracions-publiques","category-blog-ca","category-facility-services-ca","category-novas-ca"],"_links":{"self":[{"href":"https:\/\/atlanticponte.com\/ca\/wp-json\/wp\/v2\/posts\/2212","targetHints":{"allow":["GET"]}}],"collection":[{"href":"https:\/\/atlanticponte.com\/ca\/wp-json\/wp\/v2\/posts"}],"about":[{"href":"https:\/\/atlanticponte.com\/ca\/wp-json\/wp\/v2\/types\/post"}],"author":[{"embeddable":true,"href":"https:\/\/atlanticponte.com\/ca\/wp-json\/wp\/v2\/users\/1"}],"replies":[{"embeddable":true,"href":"https:\/\/atlanticponte.com\/ca\/wp-json\/wp\/v2\/comments?post=2212"}],"version-history":[{"count":13,"href":"https:\/\/atlanticponte.com\/ca\/wp-json\/wp\/v2\/posts\/2212\/revisions"}],"predecessor-version":[{"id":4496,"href":"https:\/\/atlanticponte.com\/ca\/wp-json\/wp\/v2\/posts\/2212\/revisions\/4496"}],"wp:featuredmedia":[{"embeddable":true,"href":"https:\/\/atlanticponte.com\/ca\/wp-json\/wp\/v2\/media\/2213"}],"wp:attachment":[{"href":"https:\/\/atlanticponte.com\/ca\/wp-json\/wp\/v2\/media?parent=2212"}],"wp:term":[{"taxonomy":"category","embeddable":true,"href":"https:\/\/atlanticponte.com\/ca\/wp-json\/wp\/v2\/categories?post=2212"},{"taxonomy":"post_tag","embeddable":true,"href":"https:\/\/atlanticponte.com\/ca\/wp-json\/wp\/v2\/tags?post=2212"}],"curies":[{"name":"wp","href":"https:\/\/api.w.org\/{rel}","templated":true}]}}