{"id":4475,"date":"2021-06-17T07:01:25","date_gmt":"2021-06-17T07:01:25","guid":{"rendered":"http:\/\/atlanticponte.com\/iniciamos-el-servicio-de-atencion-al-publico-par-las-actividades-culturales-del-auditorio-de-galicia\/"},"modified":"2021-10-26T10:27:15","modified_gmt":"2021-10-26T10:27:15","slug":"iniciamos-el-servicio-de-atencion-al-publico-par-las-actividades-culturales-del-auditorio-de-galicia","status":"publish","type":"post","link":"https:\/\/atlanticponte.com\/ca\/iniciamos-el-servicio-de-atencion-al-publico-par-las-actividades-culturales-del-auditorio-de-galicia\/","title":{"rendered":"Iniciem el servei d\u2019atenci\u00f3 al p\u00fablic per les activitats culturals de l\u2019Auditori de Galicia"},"content":{"rendered":"\t\t<div data-elementor-type=\"wp-post\" data-elementor-id=\"4475\" class=\"elementor elementor-4475 elementor-2167\" data-elementor-post-type=\"post\">\n\t\t\t\t\t\t<section class=\"elementor-section elementor-top-section elementor-element elementor-element-30e60c9 elementor-section-boxed elementor-section-height-default elementor-section-height-default\" data-id=\"30e60c9\" data-element_type=\"section\" data-e-type=\"section\" data-settings=\"{&quot;jet_parallax_layout_list&quot;:[{&quot;jet_parallax_layout_image&quot;:{&quot;url&quot;:&quot;&quot;,&quot;id&quot;:&quot;&quot;,&quot;size&quot;:&quot;&quot;},&quot;_id&quot;:&quot;9a82b01&quot;,&quot;jet_parallax_layout_image_tablet&quot;:{&quot;url&quot;:&quot;&quot;,&quot;id&quot;:&quot;&quot;,&quot;size&quot;:&quot;&quot;},&quot;jet_parallax_layout_image_mobile&quot;:{&quot;url&quot;:&quot;&quot;,&quot;id&quot;:&quot;&quot;,&quot;size&quot;:&quot;&quot;},&quot;jet_parallax_layout_speed&quot;:{&quot;unit&quot;:&quot;%&quot;,&quot;size&quot;:50,&quot;sizes&quot;:[]},&quot;jet_parallax_layout_type&quot;:&quot;scroll&quot;,&quot;jet_parallax_layout_direction&quot;:&quot;1&quot;,&quot;jet_parallax_layout_fx_direction&quot;:null,&quot;jet_parallax_layout_z_index&quot;:&quot;&quot;,&quot;jet_parallax_layout_bg_x&quot;:50,&quot;jet_parallax_layout_bg_x_tablet&quot;:&quot;&quot;,&quot;jet_parallax_layout_bg_x_mobile&quot;:&quot;&quot;,&quot;jet_parallax_layout_bg_y&quot;:50,&quot;jet_parallax_layout_bg_y_tablet&quot;:&quot;&quot;,&quot;jet_parallax_layout_bg_y_mobile&quot;:&quot;&quot;,&quot;jet_parallax_layout_bg_size&quot;:&quot;auto&quot;,&quot;jet_parallax_layout_bg_size_tablet&quot;:&quot;&quot;,&quot;jet_parallax_layout_bg_size_mobile&quot;:&quot;&quot;,&quot;jet_parallax_layout_animation_prop&quot;:&quot;transform&quot;,&quot;jet_parallax_layout_on&quot;:[&quot;desktop&quot;,&quot;tablet&quot;]}]}\">\n\t\t\t\t\t\t<div class=\"elementor-container elementor-column-gap-default\">\n\t\t\t\t\t<div class=\"elementor-column elementor-col-100 elementor-top-column elementor-element elementor-element-1a251a1\" data-id=\"1a251a1\" data-element_type=\"column\" data-e-type=\"column\">\n\t\t\t<div class=\"elementor-widget-wrap elementor-element-populated\">\n\t\t\t\t\t\t<div class=\"elementor-element elementor-element-cb40e9c elementor-widget elementor-widget-text-editor\" data-id=\"cb40e9c\" data-element_type=\"widget\" data-e-type=\"widget\" data-widget_type=\"text-editor.default\">\n\t\t\t\t<div class=\"elementor-widget-container\">\n\t\t\t\t\t\t\t\t\t<h2>Iniciamos el servicio de atenci\u00f3n al p\u00fablico para las actividades culturales de Auditorio de Galicia<\/h2>\t\t\t\t\t\t\t\t<\/div>\n\t\t\t\t<\/div>\n\t\t\t\t\t<\/div>\n\t\t<\/div>\n\t\t\t\t\t<\/div>\n\t\t<\/section>\n\t\t\t\t<section class=\"elementor-section elementor-top-section elementor-element elementor-element-5f0f122 elementor-section-boxed elementor-section-height-default elementor-section-height-default\" data-id=\"5f0f122\" data-element_type=\"section\" data-e-type=\"section\" data-settings=\"{&quot;jet_parallax_layout_list&quot;:[{&quot;jet_parallax_layout_image&quot;:{&quot;url&quot;:&quot;&quot;,&quot;id&quot;:&quot;&quot;,&quot;size&quot;:&quot;&quot;},&quot;_id&quot;:&quot;6749367&quot;,&quot;jet_parallax_layout_image_tablet&quot;:{&quot;url&quot;:&quot;&quot;,&quot;id&quot;:&quot;&quot;,&quot;size&quot;:&quot;&quot;},&quot;jet_parallax_layout_image_mobile&quot;:{&quot;url&quot;:&quot;&quot;,&quot;id&quot;:&quot;&quot;,&quot;size&quot;:&quot;&quot;},&quot;jet_parallax_layout_speed&quot;:{&quot;unit&quot;:&quot;%&quot;,&quot;size&quot;:50,&quot;sizes&quot;:[]},&quot;jet_parallax_layout_type&quot;:&quot;scroll&quot;,&quot;jet_parallax_layout_direction&quot;:&quot;1&quot;,&quot;jet_parallax_layout_fx_direction&quot;:null,&quot;jet_parallax_layout_z_index&quot;:&quot;&quot;,&quot;jet_parallax_layout_bg_x&quot;:50,&quot;jet_parallax_layout_bg_x_tablet&quot;:&quot;&quot;,&quot;jet_parallax_layout_bg_x_mobile&quot;:&quot;&quot;,&quot;jet_parallax_layout_bg_y&quot;:50,&quot;jet_parallax_layout_bg_y_tablet&quot;:&quot;&quot;,&quot;jet_parallax_layout_bg_y_mobile&quot;:&quot;&quot;,&quot;jet_parallax_layout_bg_size&quot;:&quot;auto&quot;,&quot;jet_parallax_layout_bg_size_tablet&quot;:&quot;&quot;,&quot;jet_parallax_layout_bg_size_mobile&quot;:&quot;&quot;,&quot;jet_parallax_layout_animation_prop&quot;:&quot;transform&quot;,&quot;jet_parallax_layout_on&quot;:[&quot;desktop&quot;,&quot;tablet&quot;]}]}\">\n\t\t\t\t\t\t<div class=\"elementor-container elementor-column-gap-default\">\n\t\t\t\t\t<div class=\"elementor-column elementor-col-50 elementor-top-column elementor-element elementor-element-f597265\" data-id=\"f597265\" data-element_type=\"column\" data-e-type=\"column\">\n\t\t\t<div class=\"elementor-widget-wrap elementor-element-populated\">\n\t\t\t\t\t\t<div class=\"elementor-element elementor-element-14cd437 elementor-widget elementor-widget-image\" data-id=\"14cd437\" data-element_type=\"widget\" data-e-type=\"widget\" data-widget_type=\"image.default\">\n\t\t\t\t<div class=\"elementor-widget-container\">\n\t\t\t\t\t\t\t\t\t\t\t\t\t\t\t<img fetchpriority=\"high\" decoding=\"async\" width=\"800\" height=\"727\" src=\"https:\/\/atlanticponte.com\/wp-content\/uploads\/2021\/06\/museos-1024x930.jpg\" class=\"attachment-large size-large wp-image-2162\" alt=\"Sala Auditorio de Galicia atencion al p\u00fablico Auditorio de Galicia\" srcset=\"https:\/\/atlanticponte.com\/wp-content\/uploads\/2021\/06\/museos-1024x930.jpg 1024w, https:\/\/atlanticponte.com\/wp-content\/uploads\/2021\/06\/museos-300x273.jpg 300w, https:\/\/atlanticponte.com\/wp-content\/uploads\/2021\/06\/museos-768x698.jpg 768w, https:\/\/atlanticponte.com\/wp-content\/uploads\/2021\/06\/museos.jpg 1200w\" sizes=\"(max-width: 800px) 100vw, 800px\" title=\"\">\t\t\t\t\t\t\t\t\t\t\t\t\t\t\t<\/div>\n\t\t\t\t<\/div>\n\t\t\t\t\t<\/div>\n\t\t<\/div>\n\t\t\t\t<div class=\"elementor-column elementor-col-50 elementor-top-column elementor-element elementor-element-bd89fab\" data-id=\"bd89fab\" data-element_type=\"column\" data-e-type=\"column\">\n\t\t\t<div class=\"elementor-widget-wrap elementor-element-populated\">\n\t\t\t\t\t\t<div class=\"elementor-element elementor-element-00f5cd5 elementor-widget elementor-widget-text-editor\" data-id=\"00f5cd5\" data-element_type=\"widget\" data-e-type=\"widget\" data-widget_type=\"text-editor.default\">\n\t\t\t\t<div class=\"elementor-widget-container\">\n\t\t\t\t\t\t\t\t\t<p><span style=\"color: #000000;\">Nuestro equipo estar\u00e1 presente en la gesti\u00f3n de este servicio durante los pr\u00f3ximos tres a\u00f1os, atendiendo e informando a los usuarios de los diferentes talleres y actividades que se desarrollen en el Auditorio.<\/span><\/p><p>\u00a0<\/p><p><span style=\"color: #000000;\">El Auditorio de Galicia suele acoger m\u00faltiples iniciativas culturales como exposiciones de arte o conferencias, prestando especial atenci\u00f3n a las manifestaciones art\u00edsticas de la ciudad de Santiago. de Compostela.<\/span><\/p><p>\u00a0<\/p><p><span style=\"color: #000000;\">Te recomendamos que prestes atenci\u00f3n a su amplia oferta cultural. Estaremos encantados de ayudarte e informarte de todas las actividades, que estamos seguros que no querr\u00e1s perderte.<\/span><\/p><p>\u00a0<\/p>\t\t\t\t\t\t\t\t<\/div>\n\t\t\t\t<\/div>\n\t\t\t\t\t<\/div>\n\t\t<\/div>\n\t\t\t\t\t<\/div>\n\t\t<\/section>\n\t\t\t\t<\/div>\n\t\t","protected":false},"excerpt":{"rendered":"<p>Atlantic Ponte col\u00b7laborar\u00e0 els pr\u00f2xims tres anys amb el servei d\u2019atenci\u00f3 al p\u00fablic per les activitats culturals de l\u2019Auditori de Galicia. <\/p>\n","protected":false},"author":1,"featured_media":2162,"comment_status":"open","ping_status":"open","sticky":false,"template":"","format":"standard","meta":{"footnotes":""},"categories":[47,51,24],"tags":[],"class_list":["post-4475","post","type-post","status-publish","format-standard","has-post-thumbnail","hentry","category-administracions-publiques","category-facility-services-ca","category-novas-ca"],"_links":{"self":[{"href":"https:\/\/atlanticponte.com\/ca\/wp-json\/wp\/v2\/posts\/4475","targetHints":{"allow":["GET"]}}],"collection":[{"href":"https:\/\/atlanticponte.com\/ca\/wp-json\/wp\/v2\/posts"}],"about":[{"href":"https:\/\/atlanticponte.com\/ca\/wp-json\/wp\/v2\/types\/post"}],"author":[{"embeddable":true,"href":"https:\/\/atlanticponte.com\/ca\/wp-json\/wp\/v2\/users\/1"}],"replies":[{"embeddable":true,"href":"https:\/\/atlanticponte.com\/ca\/wp-json\/wp\/v2\/comments?post=4475"}],"version-history":[{"count":5,"href":"https:\/\/atlanticponte.com\/ca\/wp-json\/wp\/v2\/posts\/4475\/revisions"}],"predecessor-version":[{"id":4486,"href":"https:\/\/atlanticponte.com\/ca\/wp-json\/wp\/v2\/posts\/4475\/revisions\/4486"}],"wp:featuredmedia":[{"embeddable":true,"href":"https:\/\/atlanticponte.com\/ca\/wp-json\/wp\/v2\/media\/2162"}],"wp:attachment":[{"href":"https:\/\/atlanticponte.com\/ca\/wp-json\/wp\/v2\/media?parent=4475"}],"wp:term":[{"taxonomy":"category","embeddable":true,"href":"https:\/\/atlanticponte.com\/ca\/wp-json\/wp\/v2\/categories?post=4475"},{"taxonomy":"post_tag","embeddable":true,"href":"https:\/\/atlanticponte.com\/ca\/wp-json\/wp\/v2\/tags?post=4475"}],"curies":[{"name":"wp","href":"https:\/\/api.w.org\/{rel}","templated":true}]}}