{"id":5072,"date":"2024-10-04T19:46:34","date_gmt":"2024-10-04T19:46:34","guid":{"rendered":"http:\/\/atlanticponte.com\/?p=5072"},"modified":"2024-10-04T19:53:35","modified_gmt":"2024-10-04T19:53:35","slug":"5072","status":"publish","type":"post","link":"https:\/\/atlanticponte.com\/ca\/5072\/","title":{"rendered":"Exposici\u00f3 una vida vikinga"},"content":{"rendered":"<div class=\"traductor-textarea form-group\">\n<div class=\"textarea-desti col-xs-12 col-sm-6\">\n<div>\n<div class=\"views-field views-field-field-textdate\">\n<div><img fetchpriority=\"high\" decoding=\"async\" class=\"alignleft wp-image-5068 size-large\" src=\"http:\/\/atlanticponte.com\/wp-content\/uploads\/2024\/10\/Captura-de-pantalla-2024-10-04-a-las-21.21.14-1024x436.png\" alt=\"\" width=\"800\" height=\"341\" title=\"\" srcset=\"https:\/\/atlanticponte.com\/wp-content\/uploads\/2024\/10\/Captura-de-pantalla-2024-10-04-a-las-21.21.14-1024x436.png 1024w, https:\/\/atlanticponte.com\/wp-content\/uploads\/2024\/10\/Captura-de-pantalla-2024-10-04-a-las-21.21.14-300x128.png 300w, https:\/\/atlanticponte.com\/wp-content\/uploads\/2024\/10\/Captura-de-pantalla-2024-10-04-a-las-21.21.14-768x327.png 768w, https:\/\/atlanticponte.com\/wp-content\/uploads\/2024\/10\/Captura-de-pantalla-2024-10-04-a-las-21.21.14-1536x654.png 1536w, https:\/\/atlanticponte.com\/wp-content\/uploads\/2024\/10\/Captura-de-pantalla-2024-10-04-a-las-21.21.14-2048x872.png 2048w\" sizes=\"(max-width: 800px) 100vw, 800px\" \/><\/div>\n<div><\/div>\n<div class=\"field-content\"><strong>Fins al 5 gener de 2025 podr\u00e0s visitar l&#8217;exposici\u00f3 a la ciutat de la cultura de Gal\u00edcia.<\/strong><\/div>\n<div><\/div>\n<\/div>\n<div class=\"views-field views-field-field-texttime\">\n<div class=\"field-content\">De martes a domingo | De 10 a 20 h<\/div>\n<\/div>\n<div class=\"views-field views-field-field-venue\">\n<div class=\"field-content\">Museo Centro Gai\u00e1s | Planta 1<\/div>\n<div><\/div>\n<\/div>\n<div class=\"views-field views-field-field-organizer\">\n<p><span class=\"views-label views-label-field-organizer\">Organiza: <\/span><\/p>\n<div class=\"field-content\">\n<div class=\"field-collection-view clearfix view-mode-full field-collection-view-final\">\n<div class=\"entity entity-field-collection-item field-collection-item-field-organizer clearfix\">\n<div class=\"content\">\n<div class=\"field field-name-field-url field-type-link-field field-label-hidden\">\n<div class=\"field-items\">\n<div class=\"field-item even\">Xunta de Galicia | Fundaci\u00f3n Cidade da Cultura<\/div>\n<div><\/div>\n<\/div>\n<\/div>\n<\/div>\n<\/div>\n<\/div>\n<\/div>\n<\/div>\n<\/div>\n<div><\/div>\n<div><\/div>\n<div><\/div>\n<div><\/div>\n<div><\/div>\n<div><\/div>\n<div class=\"form-control second-textarea\">Una vida vikinga<br \/>\nLa mostra internacional Una vida vikinga acosta a la Ciutat de la cultura de Galicia una visi\u00f3 m\u00e9s \u00e0mplia i diversa d&#8217;un poble que amaga molt m\u00e9s que una hist\u00f2ria de conquestes i viol\u00e8ncia. Es tracta d&#8217;una de les majors exposicions realitzades a Espanya sobre cultura vikinga i abasta al voltant de 120 peces hist\u00f2riques i arqueol\u00f2giques procedents de destacades institucions muse\u00edstiques de Su\u00e8cia, Dinamarca, Fran\u00e7a i Espanya, entre elles quatre Museus Nacionals i una Biblioteca Nacional.<br \/>\nUna vida vikinga es proposa anar m\u00e9s enll\u00e0 dels clix\u00e9s de l&#8217;imaginari popular sobre aquesta civilitzaci\u00f3, acostant-nos a aspectes com la participaci\u00f3 de les dones en les campanyes d&#8217;exploraci\u00f3, per\u00f2 tamb\u00e9 als viatges i al comer\u00e7, a l&#8217;estructura social i pol\u00edtica, a la pres\u00e8ncia de la cultura vikinga fos d&#8217;Escandin\u00e0via o a la seva relaci\u00f3 amb Espanya. Comissariada per la doctora en Estudis Escandinaus i especialista de refer\u00e8ncia en l&#8217;Edat Vikinga, Irene Garc\u00eda Losqui\u00f1o, la mostra exhibeix peces mai abans mostrades en la pen\u00ednsula ib\u00e8rica.<\/div>\n<\/div>\n<\/div>\n<div><\/div>\n<div><a href=\"https:\/\/www.cidadedacultura.gal\/es\/evento\/una-vida-vikinga\" target=\"_blank\" rel=\"noopener\">M\u00e9s info.<\/a><\/div>\n<p><iframe title=\"YouTube video player\" src=\"https:\/\/www.youtube.com\/embed\/I9Uk3nTqks0?si=rDsDL72XXhromJ8k\" width=\"560\" height=\"315\" frameborder=\"0\" allowfullscreen=\"allowfullscreen\"><\/iframe><\/p>\n<p>&nbsp;<\/p>\n","protected":false},"excerpt":{"rendered":"<p>Fins al 5 gener de 2025 podr\u00e0s visitar l&#8217;exposici\u00f3 a la ciutat de la cultura de Gal\u00edcia. De martes a domingo | De 10 a 20 h Museo Centro Gai\u00e1s | Planta 1 Organiza: Xunta de Galicia | Fundaci\u00f3n Cidade da Cultura Una vida vikinga La mostra internacional Una vida vikinga acosta a la Ciutat [&hellip;]<\/p>\n","protected":false},"author":1,"featured_media":5068,"comment_status":"open","ping_status":"open","sticky":false,"template":"","format":"standard","meta":{"footnotes":""},"categories":[13,48,23,51,24],"tags":[],"class_list":["post-5072","post","type-post","status-publish","format-standard","has-post-thumbnail","hentry","category-blog-ca","category-comunicacio","category-destacada-ca","category-facility-services-ca","category-novas-ca"],"_links":{"self":[{"href":"https:\/\/atlanticponte.com\/ca\/wp-json\/wp\/v2\/posts\/5072","targetHints":{"allow":["GET"]}}],"collection":[{"href":"https:\/\/atlanticponte.com\/ca\/wp-json\/wp\/v2\/posts"}],"about":[{"href":"https:\/\/atlanticponte.com\/ca\/wp-json\/wp\/v2\/types\/post"}],"author":[{"embeddable":true,"href":"https:\/\/atlanticponte.com\/ca\/wp-json\/wp\/v2\/users\/1"}],"replies":[{"embeddable":true,"href":"https:\/\/atlanticponte.com\/ca\/wp-json\/wp\/v2\/comments?post=5072"}],"version-history":[{"count":4,"href":"https:\/\/atlanticponte.com\/ca\/wp-json\/wp\/v2\/posts\/5072\/revisions"}],"predecessor-version":[{"id":5078,"href":"https:\/\/atlanticponte.com\/ca\/wp-json\/wp\/v2\/posts\/5072\/revisions\/5078"}],"wp:featuredmedia":[{"embeddable":true,"href":"https:\/\/atlanticponte.com\/ca\/wp-json\/wp\/v2\/media\/5068"}],"wp:attachment":[{"href":"https:\/\/atlanticponte.com\/ca\/wp-json\/wp\/v2\/media?parent=5072"}],"wp:term":[{"taxonomy":"category","embeddable":true,"href":"https:\/\/atlanticponte.com\/ca\/wp-json\/wp\/v2\/categories?post=5072"},{"taxonomy":"post_tag","embeddable":true,"href":"https:\/\/atlanticponte.com\/ca\/wp-json\/wp\/v2\/tags?post=5072"}],"curies":[{"name":"wp","href":"https:\/\/api.w.org\/{rel}","templated":true}]}}