{"id":5074,"date":"2024-10-04T19:51:00","date_gmt":"2024-10-04T19:51:00","guid":{"rendered":"http:\/\/atlanticponte.com\/?p=5074"},"modified":"2024-10-04T19:53:58","modified_gmt":"2024-10-04T19:53:58","slug":"exposicion-una-vida-vikinga","status":"publish","type":"post","link":"https:\/\/atlanticponte.com\/es\/exposicion-una-vida-vikinga\/","title":{"rendered":"Exposici\u00f3n una vida vikinga"},"content":{"rendered":"<p><img fetchpriority=\"high\" decoding=\"async\" class=\"alignleft size-large wp-image-5069\" src=\"http:\/\/atlanticponte.com\/wp-content\/uploads\/2024\/10\/Captura-de-pantalla-2024-10-04-a-las-21.21.14-1024x436.png\" alt=\"\" width=\"800\" height=\"341\" title=\"\" srcset=\"https:\/\/atlanticponte.com\/wp-content\/uploads\/2024\/10\/Captura-de-pantalla-2024-10-04-a-las-21.21.14-1024x436.png 1024w, https:\/\/atlanticponte.com\/wp-content\/uploads\/2024\/10\/Captura-de-pantalla-2024-10-04-a-las-21.21.14-300x128.png 300w, https:\/\/atlanticponte.com\/wp-content\/uploads\/2024\/10\/Captura-de-pantalla-2024-10-04-a-las-21.21.14-768x327.png 768w, https:\/\/atlanticponte.com\/wp-content\/uploads\/2024\/10\/Captura-de-pantalla-2024-10-04-a-las-21.21.14-1536x654.png 1536w, https:\/\/atlanticponte.com\/wp-content\/uploads\/2024\/10\/Captura-de-pantalla-2024-10-04-a-las-21.21.14-2048x872.png 2048w\" sizes=\"(max-width: 800px) 100vw, 800px\" \/><\/p>\n<p><strong>Hasta el 5 de enero de 2025, podr\u00e1s visitar la exposici\u00f3n \u201cuna vida vikinga\u201d<\/strong><\/p>\n<p>De martes a domingo | De 10 a 20 h<\/p>\n<div class=\"views-field views-field-field-venue\">\n<div class=\"field-content\">Museo Centro Gai\u00e1s | Planta 1<\/div>\n<\/div>\n<div><\/div>\n<div class=\"views-field views-field-field-organizer\">\n<p><span class=\"views-label views-label-field-organizer\">Organiza: <\/span><\/p>\n<div class=\"field-content\">\n<div class=\"field-collection-view clearfix view-mode-full field-collection-view-final\">\n<div class=\"entity entity-field-collection-item field-collection-item-field-organizer clearfix\">\n<div class=\"content\">\n<div class=\"field field-name-field-url field-type-link-field field-label-hidden\">\n<div class=\"field-items\">\n<div class=\"field-item even\">Xunta de Galicia | Fundaci\u00f3n Cidade da Cultur<\/div>\n<\/div>\n<\/div>\n<\/div>\n<\/div>\n<\/div>\n<\/div>\n<\/div>\n<p>&nbsp;<\/p>\n<p>&nbsp;<\/p>\n<p>&nbsp;<\/p>\n<p>&nbsp;<\/p>\n<p>La muestra internacional Una vida vikinga acerca a la Cidade da Cultura una visi\u00f3n m\u00e1s amplia y diversa de un pueblo que esconde mucho m\u00e1s que una historia de conquistas y violencia. Se trata de una de las mayores exposiciones realizadas en Espa\u00f1a sobre cultura vikinga y abarca alrededor de 120 piezas hist\u00f3ricas y arqueol\u00f3gicas procedentes de destacadas instituciones muse\u00edsticas de Suecia, Dinamarca, Francia y Espa\u00f1a, entre ellas cuatro Museos Nacionales y una Biblioteca Nacional.<br \/>\nUna vida vikinga se propone ir m\u00e1s all\u00e1 de los clich\u00e9s del imaginario popular sobre esta civilizaci\u00f3n, acerc\u00e1ndonos a aspectos como la participaci\u00f3n de las mujeres en las campa\u00f1as de exploraci\u00f3n, pero tambi\u00e9n a los viajes y al comercio, a la estructura social y pol\u00edtica, a la presencia de la cultura vikinga fuera de Escandinavia o a su relaci\u00f3n con Espa\u00f1a. Comisariada por la doctora en Estudios Escandinavos y especialista de referencia en la Edad Vikinga, Irene Garc\u00eda Losqui\u00f1o, la muestra exhibe piezas nunca antes mostradas en la pen\u00ednsula ib\u00e9rica.<\/p>\n<p><a href=\"https:\/\/www.cidadedacultura.gal\/es\/evento\/una-vida-vikinga\" target=\"_blank\" rel=\"noopener\">M\u00e1s info.<\/a><\/p>\n<p><iframe title=\"A pegada viquinga en Galicia | Exposici\u00f3n \u00abUnha vida viquinga\u00bb\" width=\"800\" height=\"450\" src=\"https:\/\/www.youtube.com\/embed\/I9Uk3nTqks0?list=PLBp3A06O6MJ-kYQqBCxAjkyZ8GgY-rhFp\" frameborder=\"0\" allow=\"accelerometer; autoplay; clipboard-write; encrypted-media; gyroscope; picture-in-picture; web-share\" referrerpolicy=\"strict-origin-when-cross-origin\" allowfullscreen><\/iframe><\/p>\n","protected":false},"excerpt":{"rendered":"<p>Hasta el 5 de enero de 2025, podr\u00e1s visitar la exposici\u00f3n \u201cuna vida vikinga\u201d De martes a domingo | De 10 a 20 h Museo Centro Gai\u00e1s | Planta 1 Organiza: Xunta de Galicia | Fundaci\u00f3n Cidade da Cultur &nbsp; &nbsp; &nbsp; &nbsp; La muestra internacional Una vida vikinga acerca a la Cidade da Cultura [&hellip;]<\/p>\n","protected":false},"author":1,"featured_media":5069,"comment_status":"open","ping_status":"open","sticky":false,"template":"","format":"standard","meta":{"footnotes":""},"categories":[61,1,37,5,26,4],"tags":[],"class_list":["post-5074","post","type-post","status-publish","format-standard","has-post-thumbnail","hentry","category-blog-es","category-blog-g","category-comunicacion","category-destacada","category-facility-services","category-noticias-es"],"_links":{"self":[{"href":"https:\/\/atlanticponte.com\/es\/wp-json\/wp\/v2\/posts\/5074","targetHints":{"allow":["GET"]}}],"collection":[{"href":"https:\/\/atlanticponte.com\/es\/wp-json\/wp\/v2\/posts"}],"about":[{"href":"https:\/\/atlanticponte.com\/es\/wp-json\/wp\/v2\/types\/post"}],"author":[{"embeddable":true,"href":"https:\/\/atlanticponte.com\/es\/wp-json\/wp\/v2\/users\/1"}],"replies":[{"embeddable":true,"href":"https:\/\/atlanticponte.com\/es\/wp-json\/wp\/v2\/comments?post=5074"}],"version-history":[{"count":2,"href":"https:\/\/atlanticponte.com\/es\/wp-json\/wp\/v2\/posts\/5074\/revisions"}],"predecessor-version":[{"id":5079,"href":"https:\/\/atlanticponte.com\/es\/wp-json\/wp\/v2\/posts\/5074\/revisions\/5079"}],"wp:featuredmedia":[{"embeddable":true,"href":"https:\/\/atlanticponte.com\/es\/wp-json\/wp\/v2\/media\/5069"}],"wp:attachment":[{"href":"https:\/\/atlanticponte.com\/es\/wp-json\/wp\/v2\/media?parent=5074"}],"wp:term":[{"taxonomy":"category","embeddable":true,"href":"https:\/\/atlanticponte.com\/es\/wp-json\/wp\/v2\/categories?post=5074"},{"taxonomy":"post_tag","embeddable":true,"href":"https:\/\/atlanticponte.com\/es\/wp-json\/wp\/v2\/tags?post=5074"}],"curies":[{"name":"wp","href":"https:\/\/api.w.org\/{rel}","templated":true}]}}